{"id":15354,"date":"2024-12-20T02:08:11","date_gmt":"2024-12-20T01:08:11","guid":{"rendered":"https:\/\/www.tavolata.ch\/rueckblick-auf-die-6-tavolata-ratsversammlungen-2024\/"},"modified":"2024-12-23T16:49:55","modified_gmt":"2024-12-23T15:49:55","slug":"rueckblick-auf-die-6-tavolata-ratsversammlungen-2024","status":"publish","type":"post","link":"https:\/\/www.tavolata.ch\/it\/rueckblick-auf-die-6-tavolata-ratsversammlungen-2024\/","title":{"rendered":"Retrospettiva sulle riunioni del consiglio di Tavolata del 21 novembre 2024 (Svizzera tedesca) e del 12 dicembre 2024 (Ticino)"},"content":{"rendered":"<h3>Quest\u2019anno il consiglio di Tavolata si \u00e8 svolto in due regioni linguistiche: il 21 novembre 2024 a Zurigo con 16 referenti di Tavolata e due membri della segreteria, e il 12 dicembre 2024 online con tre referenti ticinesi e un membro della segreteria. Nella Svizzera romanda, il Consiglio della Tavolata sar\u00e0 integrato nella Conferenza romanda nel 2025.<\/h3>\n<h5>Relazione: Esther Kirchhoff e Valentina Pallucca Forte<\/h5>\n<p>&nbsp;<\/p>\n<p>Le discussioni vertevano sui temi dell\u2019alimentazione in et\u00e0 avanzata e del mantenimento delle persone fragili nei gruppi di Tavolata.<\/p>\n<h3>Alimentazione in et\u00e0 avanzata<\/h3>\n<p>L\u2019argomento \u00e8 stato introdotto da un breve intervento sugli aspetti importanti di una dieta equilibrata in et\u00e0 avanzata (vedere la presentazione). Successivamente si \u00e8 discusso di come trasmettere in modo ancor pi\u00f9 convincente ai membri della Tavolata sia queste conoscenze, sia la motivazione a metterle in pratica a casa propria. Dal giro di opinioni sono emersi suggerimenti interessanti: per esempio, la rete mette a disposizione materiale informativo; i membri della Tavolata si inviano reciprocamente foto di spuntini che potrebbero stuzzicare l\u2019appetito; oppure si recano insieme al mercato settimanale e approfittano dell\u2019opportunit\u00e0 di acquistare prodotti freschi anche in piccole quantit\u00e0 \u2013 quest\u2019ultima \u00e8 un\u2019idea stimolante perch\u00e9 combina socializzazione, contatti con l\u2019ambiente circostante, attivit\u00e0 fisica, esperienza sensoriale e nutrizione.<\/p>\n<p>L\u2019obiettivo principale della Tavolata deve rimanere quello di mangiare insieme in compagnia, ma si possono anche proporre occasioni informali (anche divertenti) in cui trasmettere informazioni importanti sull\u2019alimentazione. A volte siamo abituati a mangiare in un certo modo e tendiamo a resistere alle novit\u00e0: l\u2019opportunit\u00e0 di provare una nuova ricetta pu\u00f2 abbattere il preconcetto secondo cui \u201csano = poco gustoso\u201d.<\/p>\n<h3>Mantenere le persone fragili nei gruppi di Tavolata<\/h3>\n<p>Alcuni membri dei gruppi di Tavolata diventano pi\u00f9 fragili nel tempo, sia mentalmente sia fisicamente. Ci siamo chiesti cosa pu\u00f2 fare la rete per garantire che queste persone possano continuare a vivere momenti di convivialit\u00e0 e amicizia accompagnati dal buon cibo degli incontri di Tavolata anche se il loro comportamento cambia. Anche su questo tema sono stati raccolti spunti preziosi, tra cui: fornire informazioni durante gli eventi sui primi segnali di cambiamento, come parlarne con le persone interessate e quali piccoli adeguamenti delle riunioni di Tavolata permetterebbero a tali persone di continuare a partecipare. In questo contesto il gruppo discute anche di come ripartire la responsabilit\u00e0 di fornire il sostegno e l\u2019assistenza necessari alle persone in questione durante le riunioni della Tavolata. Una possibile soluzione per l\u2019integrazione e il mantenimento delle persone fragili o con disabilit\u00e0 nella Tavolata potrebbe essere la presenza di un supervisore qualificato\/professionale che affianchi i partecipanti e gli organizzatori della Tavolata. Per sostenere i partecipanti e gli organizzatori di Tavolate, che possono aiutare a gestire la situazione e a evitare momenti spiacevoli o difficolt\u00e0, anche per gli altri partecipanti. Tuttavia, questa soluzione comporterebbe costi che non possono essere sostenuti dagli organizzatori delle Tavolate.<\/p>\n<p>&nbsp;<\/p>\n<p>I verbali dettagliati per la <a href=\"https:\/\/www.tavolata.ch\/wp-content\/uploads\/2024\/12\/Tavolata-Rat-Zuerich-2024.pdf\" target=\"_blank\" rel=\"noopener\">Svizzera tedesca<\/a>\u00a0e il <a href=\"https:\/\/www.tavolata.ch\/wp-content\/uploads\/2024\/12\/Tavolata-Rat-Ticino-2024.pdf\" target=\"_blank\" rel=\"noopener\">Ticino<\/a> sono disponibili qui.<\/p>\n<p>Le diapositive dell\u2019evento, compreso un breve intervento sull\u2019alimentazione in et\u00e0 avanzata, sono disponibili qui in <a href=\"https:\/\/www.tavolata.ch\/wp-content\/uploads\/2024\/12\/Tavolata_Ratsversammlung-Zuerich-2024.pdf\" target=\"_blank\" rel=\"noopener\">tedesco<\/a> e in <a href=\"https:\/\/www.tavolata.ch\/wp-content\/uploads\/2024\/12\/Consiglio_Tavolata-Ticino-2024.pdf\" target=\"_blank\" rel=\"noopener\">italiano<\/a>.<\/p>\n","protected":false},"excerpt":{"rendered":"<p>Quest\u2019anno il consiglio di Tavolata si \u00e8 svolto in due regioni linguistiche: il 21 novembre 2024 a Zurigo con 16 referenti di Tavolata e due membri della segreteria, e il 12 dicembre 2024 online con tre referenti ticinesi e un membro della segreteria. Nella Svizzera romanda, il Consiglio della Tavolata sar\u00e0 integrato nella Conferenza romanda [&hellip;]<\/p>\n","protected":false},"author":2,"featured_media":2387,"comment_status":"closed","ping_status":"closed","sticky":false,"template":"","format":"standard","meta":{"_acf_changed":false,"footnotes":""},"categories":[255,84],"tags":[],"class_list":["post-15354","post","type-post","status-publish","format-standard","has-post-thumbnail","hentry","category-actualites-it","category-notizie-it"],"acf":[],"_links":{"self":[{"href":"https:\/\/www.tavolata.ch\/it\/wp-json\/wp\/v2\/posts\/15354","targetHints":{"allow":["GET"]}}],"collection":[{"href":"https:\/\/www.tavolata.ch\/it\/wp-json\/wp\/v2\/posts"}],"about":[{"href":"https:\/\/www.tavolata.ch\/it\/wp-json\/wp\/v2\/types\/post"}],"author":[{"embeddable":true,"href":"https:\/\/www.tavolata.ch\/it\/wp-json\/wp\/v2\/users\/2"}],"replies":[{"embeddable":true,"href":"https:\/\/www.tavolata.ch\/it\/wp-json\/wp\/v2\/comments?post=15354"}],"version-history":[{"count":3,"href":"https:\/\/www.tavolata.ch\/it\/wp-json\/wp\/v2\/posts\/15354\/revisions"}],"predecessor-version":[{"id":15358,"href":"https:\/\/www.tavolata.ch\/it\/wp-json\/wp\/v2\/posts\/15354\/revisions\/15358"}],"wp:featuredmedia":[{"embeddable":true,"href":"https:\/\/www.tavolata.ch\/it\/wp-json\/wp\/v2\/media\/2387"}],"wp:attachment":[{"href":"https:\/\/www.tavolata.ch\/it\/wp-json\/wp\/v2\/media?parent=15354"}],"wp:term":[{"taxonomy":"category","embeddable":true,"href":"https:\/\/www.tavolata.ch\/it\/wp-json\/wp\/v2\/categories?post=15354"},{"taxonomy":"post_tag","embeddable":true,"href":"https:\/\/www.tavolata.ch\/it\/wp-json\/wp\/v2\/tags?post=15354"}],"curies":[{"name":"wp","href":"https:\/\/api.w.org\/{rel}","templated":true}]}}