{"id":11671,"date":"2023-01-15T18:14:22","date_gmt":"2023-01-15T17:14:22","guid":{"rendered":"https:\/\/www.tavolata.ch\/?p=11671"},"modified":"2023-04-03T18:22:12","modified_gmt":"2023-04-03T16:22:12","slug":"tavolata-natalizia-spazio-kosmos","status":"publish","type":"post","link":"https:\/\/www.tavolata.ch\/it\/tavolata-natalizia-spazio-kosmos\/","title":{"rendered":"Tavolata natalizia Spazio Kosmos"},"content":{"rendered":"<h3>Fedra Rachouti \u00e8 l\u2019ideatrice e responsabile dello spazio <a href=\"https:\/\/www.instagram.com\/spaziokosmos.lugano\/?hl=de\" target=\"_blank\" rel=\"noopener\">Kosmos<\/a> di Lugano. Ci siamo incontrate qualche mese fa per parlare del progetto Tavolata e quando mi ha contattata per propormi la sua Tavolata natalizia ho pensato che sarebbe stata davvero una fantastica idea.<\/h3>\n<p>Intervista: Valentina Pallucca<\/p>\n<p><img loading=\"lazy\" decoding=\"async\" class=\"alignnone wp-image-11675 size-large\" src=\"https:\/\/www.tavolata.ch\/wp-content\/uploads\/2023\/04\/received_496487859140940-1024x683.jpeg\" alt=\"\" width=\"1024\" height=\"683\" srcset=\"https:\/\/www.tavolata.ch\/wp-content\/uploads\/2023\/04\/received_496487859140940-1024x683.jpeg 1024w, https:\/\/www.tavolata.ch\/wp-content\/uploads\/2023\/04\/received_496487859140940-300x200.jpeg 300w, https:\/\/www.tavolata.ch\/wp-content\/uploads\/2023\/04\/received_496487859140940-768x512.jpeg 768w, https:\/\/www.tavolata.ch\/wp-content\/uploads\/2023\/04\/received_496487859140940-1536x1025.jpeg 1536w, https:\/\/www.tavolata.ch\/wp-content\/uploads\/2023\/04\/received_496487859140940.jpeg 2048w\" sizes=\"auto, (max-width: 1024px) 100vw, 1024px\" \/><\/p>\n<p>Il progetto di Fedra era eccezionale nella sua semplicit\u00e0: a Lugano tante persone sono sole, non hanno\u00a0 parenti oppure le loro famiglie sono lontane. Perch\u00e9 non creare un momento di festa e condivisione anche per loro, che altrimenti trascorrerebbero i giorni delle festivit\u00e0 in solitudine? Mi sono fatta raccontare com\u2019\u00e8 andata.<strong>\u00a0<\/strong><\/p>\n<h3>Come mai hai deciso di organizzare una Tavolata la sera della Vigilia di Natale?<\/h3>\n<p>Fedra Rachouti (ideatrice e direttrice dello spazio Sociointegrativo Kosmos):\u00a0Abbiamo pensato di organizzare la Tavolata proprio la sera della Vigilia di Natale per dare l&#8217;opportunit\u00e0 a tutte le persone, nostri utenti e non, passare questa sera speciale nella grande famiglia di Kosmos per non sentire n\u00e9 nostalgia n\u00e9 solitudine.<\/p>\n<h3>Quante persone hanno partecipato? Da dove venivano?<\/h3>\n<p>Hanno partecipato circa 25 persone provenienti da varie parti del mondo, Grecia, Russia, Burundi, Norvegia, Ticino, Italia. Le differenze culturali avrebbero potuto creare qualche difficolt\u00e0: il bilancio \u00e8 quello di una serata molto costruttiva ed arricchente per tutti, forse proprio grazie alla presenza delle diverse culture.<\/p>\n<h3>C\u2019\u00e8 un momento che ricordi in modo particolare?<\/h3>\n<p>La condivisione del pasto la sera della Vigilia di Natale \u00e8 stato qualcosa di speciale. In particolare \u00e8 stato molto interessante ascoltare la storia delle varie pietanze che abbiamo assaggiato quella sera. Abbiamo potuto fare un viaggio gastronomico multietnico.<\/p>\n<h3>Cosa ti hanno raccontato i partecipanti in merito a quest\u2019esperienza?<\/h3>\n<p>Erano tutti molto contenti e hanno chiesto di riorganizzare serate simili. Ci siamo rallegrati ballando musiche tradizionali di ogni paese, \u00e8 stato davvero un bel momento.<\/p>\n<h3>Cosa fate oltre a mangiare insieme? Altre attivit\u00e0?<\/h3>\n<p>Allo spazio Kosmos pensiamo che i singoli racconti di ognuno siano molto importanti, cerchiamo di dare valore alle singole storie che si sceglie di condividere.<\/p>\n<p><img loading=\"lazy\" decoding=\"async\" class=\"alignnone wp-image-11672 size-large\" src=\"https:\/\/www.tavolata.ch\/wp-content\/uploads\/2023\/04\/received_849306786397465-1024x683.jpeg\" alt=\"\" width=\"1024\" height=\"683\" srcset=\"https:\/\/www.tavolata.ch\/wp-content\/uploads\/2023\/04\/received_849306786397465-1024x683.jpeg 1024w, https:\/\/www.tavolata.ch\/wp-content\/uploads\/2023\/04\/received_849306786397465-300x200.jpeg 300w, https:\/\/www.tavolata.ch\/wp-content\/uploads\/2023\/04\/received_849306786397465-768x512.jpeg 768w, https:\/\/www.tavolata.ch\/wp-content\/uploads\/2023\/04\/received_849306786397465-1536x1025.jpeg 1536w, https:\/\/www.tavolata.ch\/wp-content\/uploads\/2023\/04\/received_849306786397465.jpeg 2048w\" sizes=\"auto, (max-width: 1024px) 100vw, 1024px\" \/><\/p>\n<h3>KOSMOS<\/h3>\n<p>KOSMOS \u00e8 uno spazio socio integrativo culturale che colloca l&#8217;arte al centro di processi di cambiamento sociale. Con un\u2019ampia rete di collaboratori e volontari, costruisce relazioni e ponti di amicizia attraverso il valore universale dell&#8217;arte che supera confini, barriere e pregiudizi. Dal 2021 d\u00e0 vita ad una grande famiglia che a Lugano abbraccia i pi\u00f9 diversi e lontani background culturali. In un caloroso ambiente polifunzionale appositamente organizzato per accogliere attivit\u00e0 focalizzate sulla comunit\u00e0 e coesione, artisti, educatori, studenti, migranti, mamme, bambini, giovani e anziani, si incontrano per creare, disegnare, leggere, suonare, cantare, ballare, recitare, comunicare, raccontarsi ed arricchirsi di culture diverse.<\/p>\n<p>&nbsp;<\/p>\n<h3>Ricetta greca:\u00a0<strong><em>Tzatziki <\/em><\/strong>(salsa di accompagnamento)<\/h3>\n<ul>\n<li>500gr yogurt greco<\/li>\n<li>1 cetriolo tritato (scolare l&#8217;eccesso di liquidi)<\/li>\n<li>1 aglio (fare la polpa)<\/li>\n<li>Olio extra vergine di oliva (1\/4 bicchierino)<\/li>\n<li>Aceto bianco (2 cucchiai)<\/li>\n<li>Aneto (tagliare finemente)<\/li>\n<li>Sale, q.b.<\/li>\n<\/ul>\n<p>Dopo aver preparato tutti gli ingredienti, mischiamo tutto e lasciamo per alcune ore in frigo. A questo punto la salsa \u00e8 pronta per essere gustata. La salsa di tzatziki accompagna tutti i tipi di carne, preferibilmente la carne grigliata.<\/p>\n<p><em>Kal\u00ec \u00f2rexi<\/em>! (buon appetito!)<\/p>\n","protected":false},"excerpt":{"rendered":"<p>Fedra Rachouti \u00e8 l\u2019ideatrice e responsabile dello spazio Kosmos di Lugano. Ci siamo incontrate qualche mese fa per parlare del progetto Tavolata e quando mi ha contattata per propormi la sua Tavolata natalizia ho pensato che sarebbe stata davvero una fantastica idea. Intervista: Valentina Pallucca Il progetto di Fedra era eccezionale nella sua semplicit\u00e0: a [&hellip;]<\/p>\n","protected":false},"author":2,"featured_media":11675,"comment_status":"closed","ping_status":"open","sticky":false,"template":"","format":"standard","meta":{"_acf_changed":false,"footnotes":""},"categories":[84],"tags":[],"class_list":["post-11671","post","type-post","status-publish","format-standard","has-post-thumbnail","hentry","category-notizie-it"],"acf":[],"_links":{"self":[{"href":"https:\/\/www.tavolata.ch\/it\/wp-json\/wp\/v2\/posts\/11671","targetHints":{"allow":["GET"]}}],"collection":[{"href":"https:\/\/www.tavolata.ch\/it\/wp-json\/wp\/v2\/posts"}],"about":[{"href":"https:\/\/www.tavolata.ch\/it\/wp-json\/wp\/v2\/types\/post"}],"author":[{"embeddable":true,"href":"https:\/\/www.tavolata.ch\/it\/wp-json\/wp\/v2\/users\/2"}],"replies":[{"embeddable":true,"href":"https:\/\/www.tavolata.ch\/it\/wp-json\/wp\/v2\/comments?post=11671"}],"version-history":[{"count":2,"href":"https:\/\/www.tavolata.ch\/it\/wp-json\/wp\/v2\/posts\/11671\/revisions"}],"predecessor-version":[{"id":11682,"href":"https:\/\/www.tavolata.ch\/it\/wp-json\/wp\/v2\/posts\/11671\/revisions\/11682"}],"wp:featuredmedia":[{"embeddable":true,"href":"https:\/\/www.tavolata.ch\/it\/wp-json\/wp\/v2\/media\/11675"}],"wp:attachment":[{"href":"https:\/\/www.tavolata.ch\/it\/wp-json\/wp\/v2\/media?parent=11671"}],"wp:term":[{"taxonomy":"category","embeddable":true,"href":"https:\/\/www.tavolata.ch\/it\/wp-json\/wp\/v2\/categories?post=11671"},{"taxonomy":"post_tag","embeddable":true,"href":"https:\/\/www.tavolata.ch\/it\/wp-json\/wp\/v2\/tags?post=11671"}],"curies":[{"name":"wp","href":"https:\/\/api.w.org\/{rel}","templated":true}]}}