{"id":10703,"date":"2022-11-25T14:12:27","date_gmt":"2022-11-25T13:12:27","guid":{"rendered":"https:\/\/www.tavolata.ch\/?p=10703"},"modified":"2022-11-25T14:12:27","modified_gmt":"2022-11-25T13:12:27","slug":"tavolata-diventa-unassociazione","status":"publish","type":"post","link":"https:\/\/www.tavolata.ch\/it\/tavolata-diventa-unassociazione\/","title":{"rendered":"Tavolata diventa un\u2019associazione"},"content":{"rendered":"<h3>Il 23 novembre 2022 \u00e8 stata ufficialmente fondata a Zurigo l&#8217;associazione Tavolata. Robert Sempach, fondatore ed ex responsabile del progetto Tavolata presso la Direzione Societ\u00e0 e cultura della Federazione delle cooperative Migros, \u00e8 stato eletto presidente dell&#8217;associazione. Daniela Specht assume l&#8217;incarico esecutivo e costituisce il segretariato insieme al team di progetto.<\/h3>\n<figure id=\"attachment_10711\" aria-describedby=\"caption-attachment-10711\" style=\"width: 1024px\" class=\"wp-caption alignnone\"><img loading=\"lazy\" decoding=\"async\" class=\"wp-image-10711 size-large\" src=\"https:\/\/www.tavolata.ch\/wp-content\/uploads\/2022\/11\/IMG_8850-1024x768.jpg\" alt=\"\" width=\"1024\" height=\"768\" srcset=\"https:\/\/www.tavolata.ch\/wp-content\/uploads\/2022\/11\/IMG_8850-1024x768.jpg 1024w, https:\/\/www.tavolata.ch\/wp-content\/uploads\/2022\/11\/IMG_8850-300x225.jpg 300w, https:\/\/www.tavolata.ch\/wp-content\/uploads\/2022\/11\/IMG_8850-768x576.jpg 768w, https:\/\/www.tavolata.ch\/wp-content\/uploads\/2022\/11\/IMG_8850-1536x1152.jpg 1536w, https:\/\/www.tavolata.ch\/wp-content\/uploads\/2022\/11\/IMG_8850-2048x1536.jpg 2048w\" sizes=\"auto, (max-width: 1024px) 100vw, 1024px\" \/><figcaption id=\"caption-attachment-10711\" class=\"wp-caption-text\">Daniela Specht e Robert Sempach<\/figcaption><\/figure>\n<p>Il Percento culturale Migros rafforza la coesione sociale e si confronta costantemente con gli sviluppi attuali della societ\u00e0, occupandosi cos\u00ec di tematiche sempre nuove di cui si sente la necessia. Con i suoi progetti e le sue attivit\u00e0, fornisce incentivi di sostegno per periodi di tempo sempre determinati.<\/p>\n<p>Negli ultimi dodici anni, il Percento culturale Migros ha sostenuto da vicino il progetto Tavolata dal punto di vista strategico, finanziario e operativo durante la fase di creazione e quella di consolidamento. Ora Tavolata viene resa una struttura indipendente. Questo per garantire che il tema socialmente rilevante delle tavolate et\u00e0 organizzate in maniera autonoma continui a essere trattato in modo efficace anche in futuro.<\/p>\n<p>Per assicurare la sostenibilit\u00e0 del progetto, il Percento culturale Migros accompagner\u00e0 Tavolata finanziariamente e con consulenze specifiche nel 2023 e nel 2024. Durante questo periodo, Tavolata si organizzer\u00e0 come associazione di pubblica utilit\u00e0 e trover\u00e0 nuovi enti promotori.<\/p>\n<p>Abbiamo provveduto a informare i\/le referenti di Tavolata in occasione della riunione del consiglio del 3 novembre 2022. Per voi non cambier\u00e0 nulla: le persone di riferimento resteranno le stesse (Marcello Martinoni, info@tavolata.ch, tel. 091 825 38 85).<\/p>\n<p>La terremo aggiornata su tutti i passaggi successivi.<\/p>\n","protected":false},"excerpt":{"rendered":"<p>Il 23 novembre 2022 \u00e8 stata ufficialmente fondata a Zurigo l&#8217;associazione Tavolata. Robert Sempach, fondatore ed ex responsabile del progetto Tavolata presso la Direzione Societ\u00e0 e cultura della Federazione delle cooperative Migros, \u00e8 stato eletto presidente dell&#8217;associazione. Daniela Specht assume l&#8217;incarico esecutivo e costituisce il segretariato insieme al team di progetto. Il Percento culturale Migros [&hellip;]<\/p>\n","protected":false},"author":2,"featured_media":10711,"comment_status":"closed","ping_status":"open","sticky":false,"template":"","format":"standard","meta":{"_acf_changed":false,"footnotes":""},"categories":[84],"tags":[],"class_list":["post-10703","post","type-post","status-publish","format-standard","has-post-thumbnail","hentry","category-notizie-it"],"acf":[],"_links":{"self":[{"href":"https:\/\/www.tavolata.ch\/it\/wp-json\/wp\/v2\/posts\/10703","targetHints":{"allow":["GET"]}}],"collection":[{"href":"https:\/\/www.tavolata.ch\/it\/wp-json\/wp\/v2\/posts"}],"about":[{"href":"https:\/\/www.tavolata.ch\/it\/wp-json\/wp\/v2\/types\/post"}],"author":[{"embeddable":true,"href":"https:\/\/www.tavolata.ch\/it\/wp-json\/wp\/v2\/users\/2"}],"replies":[{"embeddable":true,"href":"https:\/\/www.tavolata.ch\/it\/wp-json\/wp\/v2\/comments?post=10703"}],"version-history":[{"count":3,"href":"https:\/\/www.tavolata.ch\/it\/wp-json\/wp\/v2\/posts\/10703\/revisions"}],"predecessor-version":[{"id":10779,"href":"https:\/\/www.tavolata.ch\/it\/wp-json\/wp\/v2\/posts\/10703\/revisions\/10779"}],"wp:featuredmedia":[{"embeddable":true,"href":"https:\/\/www.tavolata.ch\/it\/wp-json\/wp\/v2\/media\/10711"}],"wp:attachment":[{"href":"https:\/\/www.tavolata.ch\/it\/wp-json\/wp\/v2\/media?parent=10703"}],"wp:term":[{"taxonomy":"category","embeddable":true,"href":"https:\/\/www.tavolata.ch\/it\/wp-json\/wp\/v2\/categories?post=10703"},{"taxonomy":"post_tag","embeddable":true,"href":"https:\/\/www.tavolata.ch\/it\/wp-json\/wp\/v2\/tags?post=10703"}],"curies":[{"name":"wp","href":"https:\/\/api.w.org\/{rel}","templated":true}]}}