{"id":7215,"date":"2021-06-05T04:30:08","date_gmt":"2021-06-05T02:30:08","guid":{"rendered":"https:\/\/www.tavolata.ch\/ein-rueckblick-auf-die-tavolata-tagung-2021"},"modified":"2021-12-03T18:58:05","modified_gmt":"2021-12-03T17:58:05","slug":"ein-rueckblick-auf-die-tavolata-tagung-2021","status":"publish","type":"post","link":"https:\/\/www.tavolata.ch\/fr\/ein-rueckblick-auf-die-tavolata-tagung-2021\/","title":{"rendered":"Bilan de la conf\u00e9rence Tavolata du 5 juin 2021"},"content":{"rendered":"<h3>Conf\u00e9rence inaugurale<\/h3>\n<p>Les membres de Tavolata ont \u00e9t\u00e9 nombreux \u00e0 participer \u00e0 la conf\u00e9rence organis\u00e9e sur Zoom. Ils ont eu un petit r\u00e9capitulatif des 11 derni\u00e8res ann\u00e9es de Tavolata, regard\u00e9 la nouvelle vid\u00e9o Tavolata (voir plus bas) et ont pu \u00e9changer lors de s\u00e9ances en petits groupes. Robert Sempach, le cr\u00e9ateur de Tavolata, a re\u00e7u les honneurs qu\u2019il m\u00e9rite \u00e0 l\u2019occasion de son d\u00e9part \u00e0 la retraite bien m\u00e9rit\u00e9e.<\/p>\n<h3>Rencontres Tavolata individuelles<\/h3>\n<p>La pand\u00e9mie nous a emp\u00each\u00e9s de c\u00e9l\u00e9brer notre dixi\u00e8me anniversaire comme pr\u00e9vu en 2020. Les 500 Tavolata en Suisse l\u2019ont donc fait le samedi 5 juin 2021: \u00e0 l\u2019issue de la conf\u00e9rence inaugurale virtuelle, les membres se sont retrouv\u00e9s pour une grillade, une randonn\u00e9e, un d\u00eener ou un caf\u00e9.<\/p>\n<p>En voici quelques images:<br \/>\n<a href=\"http:\/\/www.tavolata.ch\/fr\/reunion\">www.tavolata.ch\/fr\/reunion<\/a><\/p>\n<h3>Vid\u00e9o Tavolata<\/h3>\n<p><iframe loading=\"lazy\" hcb-fetch-image-from=\"https:\/\/youtu.be\/bv2fmTxJ0T0\" title=\"Tavolata encourage les comp\u00e9tences de vie\" width=\"500\" height=\"281\" src=\"https:\/\/www.youtube.com\/embed\/bv2fmTxJ0T0?feature=oembed\" frameborder=\"0\" allow=\"accelerometer; autoplay; clipboard-write; encrypted-media; gyroscope; picture-in-picture; web-share\" referrerpolicy=\"strict-origin-when-cross-origin\" allowfullscreen><\/iframe><\/p>\n","protected":false},"excerpt":{"rendered":"<p>Conf\u00e9rence inaugurale Les membres de Tavolata ont \u00e9t\u00e9 nombreux \u00e0 participer \u00e0 la conf\u00e9rence organis\u00e9e sur Zoom. Ils ont eu un petit r\u00e9capitulatif des 11 derni\u00e8res ann\u00e9es de Tavolata, regard\u00e9 la nouvelle vid\u00e9o Tavolata (voir plus bas) et ont pu \u00e9changer lors de s\u00e9ances en petits groupes. Robert Sempach, le cr\u00e9ateur de Tavolata, a re\u00e7u [&hellip;]<\/p>\n","protected":false},"author":2,"featured_media":7049,"comment_status":"open","ping_status":"open","sticky":false,"template":"","format":"standard","meta":{"_acf_changed":false,"footnotes":""},"categories":[236],"tags":[],"class_list":["post-7215","post","type-post","status-publish","format-standard","has-post-thumbnail","hentry","category-news-fr"],"acf":[],"_links":{"self":[{"href":"https:\/\/www.tavolata.ch\/fr\/wp-json\/wp\/v2\/posts\/7215","targetHints":{"allow":["GET"]}}],"collection":[{"href":"https:\/\/www.tavolata.ch\/fr\/wp-json\/wp\/v2\/posts"}],"about":[{"href":"https:\/\/www.tavolata.ch\/fr\/wp-json\/wp\/v2\/types\/post"}],"author":[{"embeddable":true,"href":"https:\/\/www.tavolata.ch\/fr\/wp-json\/wp\/v2\/users\/2"}],"replies":[{"embeddable":true,"href":"https:\/\/www.tavolata.ch\/fr\/wp-json\/wp\/v2\/comments?post=7215"}],"version-history":[{"count":3,"href":"https:\/\/www.tavolata.ch\/fr\/wp-json\/wp\/v2\/posts\/7215\/revisions"}],"predecessor-version":[{"id":9233,"href":"https:\/\/www.tavolata.ch\/fr\/wp-json\/wp\/v2\/posts\/7215\/revisions\/9233"}],"wp:featuredmedia":[{"embeddable":true,"href":"https:\/\/www.tavolata.ch\/fr\/wp-json\/wp\/v2\/media\/7049"}],"wp:attachment":[{"href":"https:\/\/www.tavolata.ch\/fr\/wp-json\/wp\/v2\/media?parent=7215"}],"wp:term":[{"taxonomy":"category","embeddable":true,"href":"https:\/\/www.tavolata.ch\/fr\/wp-json\/wp\/v2\/categories?post=7215"},{"taxonomy":"post_tag","embeddable":true,"href":"https:\/\/www.tavolata.ch\/fr\/wp-json\/wp\/v2\/tags?post=7215"}],"curies":[{"name":"wp","href":"https:\/\/api.w.org\/{rel}","templated":true}]}}