{"id":13417,"date":"2024-01-22T14:18:33","date_gmt":"2024-01-22T13:18:33","guid":{"rendered":"https:\/\/www.tavolata.ch\/rueckblick-auf-die-tavolata-ratsversammlung-vom-23-oktober-2023\/"},"modified":"2024-01-25T22:17:40","modified_gmt":"2024-01-25T21:17:40","slug":"conseil-tavolata-23-octobre-2023","status":"publish","type":"post","link":"https:\/\/www.tavolata.ch\/fr\/conseil-tavolata-23-octobre-2023\/","title":{"rendered":"Retour sur la rencontre du Conseil Tavolata du 23\u00a0octobre\u00a02023"},"content":{"rendered":"<h3><strong>Le 23\u00a0octobre\u00a02023, pr\u00e8s de 25\u00a0personnes de contact de Tavolata, membres du secr\u00e9tariat et du comit\u00e9 de l\u2019association Tavolata, se sont r\u00e9unies \u00e0 l\u2019occasion du Conseil Tavolata annuel. Le secr\u00e9tariat a donn\u00e9 des informations sur l\u2019\u00e9valuation r\u00e9alis\u00e9e en 2023 au sein du r\u00e9seau Tavolata. Une discussion anim\u00e9e a ensuite eu lieu sur certains r\u00e9sultats de cette \u00e9valuation.<\/strong><\/h3>\n<p>En voici un r\u00e9sum\u00e9:<\/p>\n<ul>\n<li><strong>Le plaisir et la joie de manger ensemble sont essentiels pour les groupes Tavolata.<\/strong> L\u2019\u00e9valuation et les participant-es \u00e0 la discussion ont \u00e9t\u00e9 unanimes \u00e0 dire que de nombreux membres de Tavolata sont sensibilis\u00e9s \u00e0 l\u2019importance d\u2019une alimentation \u00e9quilibr\u00e9e et qu\u2019elle fait partie int\u00e9grante des rencontres. Le plaisir et la joie priment n\u00e9anmoins. Les personnes pr\u00e9sentes ont \u00e9chang\u00e9 des id\u00e9es sur la mani\u00e8re d\u2019\u00e9largir les connaissances et le plaisir d\u2019une alimentation \u00e9quilibr\u00e9e au sein du r\u00e9seau.<\/li>\n<li><strong>O\u00f9 en sommes-nous sur le th\u00e8me de l\u2019adh\u00e9sion \u00e0 l\u2019association Tavolata?<\/strong> Les avis \u00e0 ce sujet divergent. La discussion a port\u00e9 sur l\u2019int\u00e9r\u00eat que pourrait avoir l\u2019adh\u00e9sion \u00e0 l\u2019association, ind\u00e9pendamment de l\u2019adh\u00e9sion au r\u00e9seau. Les difficult\u00e9s \u00e0 trouver un consensus sur ce th\u00e8me au sein d\u2019un groupe, par exemple, ont \u00e9galement \u00e9t\u00e9 \u00e9voqu\u00e9es. Les participant-es sont tomb\u00e9-es d\u2019accord sur le fait qu\u2019il fallait trouver une solution pragmatique. Le sujet retourne au comit\u00e9 de l\u2019association.<\/li>\n<li><strong>Quelles prestations sont au c\u0153ur du r\u00e9seau parce qu\u2019elles en font l\u2019attrait et l\u2019utilit\u00e9?<\/strong> Les r\u00e9unions d\u2019information et les cours d\u2019introduction pour la cr\u00e9ation de nouveaux groupes ont \u00e9t\u00e9 consid\u00e9r\u00e9s comme essentiels au niveau du r\u00e9seau; l\u2019accompagnement des fondatrices et fondateurs par des personnes du r\u00e9seau (un grand merci aux repr\u00e9sentantes r\u00e9gionales et repr\u00e9sentants r\u00e9gionaux et \u00e0 nos organisations partenaires!); la rencontre annuelle.<\/li>\n<li><strong>Que pouvons-nous faire pour que les personnes restent membres des tabl\u00e9es malgr\u00e9 des restrictions physiques ou psychiques et que les groupes soient maintenus?<\/strong> Les participant-es \u00e0 la discussion ont fait part de leur int\u00e9r\u00eat \u00e0 en apprendre davantage sur la mani\u00e8re de cultiver les relations et de conduire une conversation, afin de pouvoir mieux agir dans des situations difficiles (p. ex. en cas de d\u00e9mence d\u2019un membre, mais aussi lors de situations d\u00e9sagr\u00e9ables comme la vaisselle sale).<\/li>\n<\/ul>\n<p>Les participant-es ont en outre apport\u00e9 de nombreuses id\u00e9es sur la mani\u00e8re dont certains groupes de Tavolata pourraient trouver de nouveaux membres et sur la mani\u00e8re dont le r\u00e9seau pourrait s\u2019\u00e9tendre davantage.<\/p>\n<p>Vous trouverez le proc\u00e8s-verbal complet <a href=\"https:\/\/www.tavolata.ch\/wp-content\/uploads\/2024\/01\/Protokoll-Tavolata-Rat-2023-1.pdf\">ici<\/a>.<\/p>\n<p>Vous trouverez <a href=\"https:\/\/www.tavolata.ch\/wp-content\/uploads\/2024\/01\/Tavolata_Ratsversammlung-2023_231022.pdf\">ici<\/a> les diapos relatifs \u00e0 l\u2019\u00e9v\u00e8nement.<\/p>\n<p><em>Rapport: Esther Kirchhoff<\/em><br \/>\n<em>Foto: image symbolique<\/em><\/p>\n","protected":false},"excerpt":{"rendered":"<p>Le 23\u00a0octobre\u00a02023, pr\u00e8s de 25\u00a0personnes de contact de Tavolata, membres du secr\u00e9tariat et du comit\u00e9 de l\u2019association Tavolata, se sont r\u00e9unies \u00e0 l\u2019occasion du Conseil Tavolata annuel. Le secr\u00e9tariat a donn\u00e9 des informations sur l\u2019\u00e9valuation r\u00e9alis\u00e9e en 2023 au sein du r\u00e9seau Tavolata. Une discussion anim\u00e9e a ensuite eu lieu sur certains r\u00e9sultats de cette [&hellip;]<\/p>\n","protected":false},"author":2,"featured_media":12160,"comment_status":"closed","ping_status":"closed","sticky":false,"template":"","format":"standard","meta":{"_acf_changed":false,"footnotes":""},"categories":[236],"tags":[],"class_list":["post-13417","post","type-post","status-publish","format-standard","has-post-thumbnail","hentry","category-news-fr"],"acf":[],"_links":{"self":[{"href":"https:\/\/www.tavolata.ch\/fr\/wp-json\/wp\/v2\/posts\/13417","targetHints":{"allow":["GET"]}}],"collection":[{"href":"https:\/\/www.tavolata.ch\/fr\/wp-json\/wp\/v2\/posts"}],"about":[{"href":"https:\/\/www.tavolata.ch\/fr\/wp-json\/wp\/v2\/types\/post"}],"author":[{"embeddable":true,"href":"https:\/\/www.tavolata.ch\/fr\/wp-json\/wp\/v2\/users\/2"}],"replies":[{"embeddable":true,"href":"https:\/\/www.tavolata.ch\/fr\/wp-json\/wp\/v2\/comments?post=13417"}],"version-history":[{"count":2,"href":"https:\/\/www.tavolata.ch\/fr\/wp-json\/wp\/v2\/posts\/13417\/revisions"}],"predecessor-version":[{"id":13419,"href":"https:\/\/www.tavolata.ch\/fr\/wp-json\/wp\/v2\/posts\/13417\/revisions\/13419"}],"wp:featuredmedia":[{"embeddable":true,"href":"https:\/\/www.tavolata.ch\/fr\/wp-json\/wp\/v2\/media\/12160"}],"wp:attachment":[{"href":"https:\/\/www.tavolata.ch\/fr\/wp-json\/wp\/v2\/media?parent=13417"}],"wp:term":[{"taxonomy":"category","embeddable":true,"href":"https:\/\/www.tavolata.ch\/fr\/wp-json\/wp\/v2\/categories?post=13417"},{"taxonomy":"post_tag","embeddable":true,"href":"https:\/\/www.tavolata.ch\/fr\/wp-json\/wp\/v2\/tags?post=13417"}],"curies":[{"name":"wp","href":"https:\/\/api.w.org\/{rel}","templated":true}]}}