{"id":11299,"date":"2023-01-16T19:05:29","date_gmt":"2023-01-16T18:05:29","guid":{"rendered":"https:\/\/www.tavolata.ch\/tavolata-contesto-di-sementina\/"},"modified":"2025-04-28T13:37:18","modified_gmt":"2025-04-28T11:37:18","slug":"tavolata-contesto-di-sementina","status":"publish","type":"post","link":"https:\/\/www.tavolata.ch\/fr\/tavolata-contesto-di-sementina\/","title":{"rendered":"Tavolata ConTeSto Di Sementina"},"content":{"rendered":"<h3>La nouvelle tavolata ConTeSto Di Sementina a \u00e9t\u00e9 fond\u00e9e en mai 2022 dans la ludoth\u00e8que du quartier. Les retrait\u00e9-es de l\u2019immeuble ont imm\u00e9diatement \u00e9t\u00e9 enthousiasm\u00e9-es. La tavolata a rapidement grandi, de plus en plus d\u2019enfants et de petits-enfants l\u2019ayant rejointe. Valentina Pallucca a rendu visite \u00e0 la tavolata interg\u00e9n\u00e9rationnelle.<\/h3>\n<p><img loading=\"lazy\" decoding=\"async\" class=\"alignnone wp-image-11278 size-large\" src=\"https:\/\/www.tavolata.ch\/wp-content\/uploads\/2023\/01\/gnocchi-4-1024x768.jpg\" alt=\"\" width=\"1024\" height=\"768\" srcset=\"https:\/\/www.tavolata.ch\/wp-content\/uploads\/2023\/01\/gnocchi-4-1024x768.jpg 1024w, https:\/\/www.tavolata.ch\/wp-content\/uploads\/2023\/01\/gnocchi-4-300x225.jpg 300w, https:\/\/www.tavolata.ch\/wp-content\/uploads\/2023\/01\/gnocchi-4-768x576.jpg 768w, https:\/\/www.tavolata.ch\/wp-content\/uploads\/2023\/01\/gnocchi-4-1536x1152.jpg 1536w, https:\/\/www.tavolata.ch\/wp-content\/uploads\/2023\/01\/gnocchi-4-2048x1536.jpg 2048w\" sizes=\"auto, (max-width: 1024px) 100vw, 1024px\" \/><\/p>\n<p><strong>Qui participe \u00e0 la tavolata et o\u00f9 vous retrouvez-vous?<\/strong><\/p>\n<p>Nous avons fond\u00e9 notre tavolata fin mai 2022, en m\u00eame temps que l\u2019ouverture de la ludoth\u00e8que et de l\u2019\u00e9picerie \u00abCon Te Sto\u00bb \u00e0 Sementina, o\u00f9 nous nous retrouvons tous les mardis pour partager le repas de midi. Les participant-es habitent principalement dans les immeubles voisins et se rendent quotidiennement \u00e0 Con Te Sto. Des proches et ami-es des membres de la tavolata s\u2019y joignent r\u00e9guli\u00e8rement. Les membres \u00abhabituels\u00bb du groupe sont \u00e2g\u00e9s de 40 \u00e0 95 ans, mais il arrive que des petits-enfants en \u00e2ge pr\u00e9scolaire ou scolaire y participent. Un jeune homme touchant l\u2019aide sociale ne s\u2019occupe pas seulement de g\u00e9rer la salle de jeu, mais il cuisine aussi pour les membres pr\u00e9sents et participe activement aux repas.<\/p>\n<p><strong>Qu\u2019est-ce que la tavolata aime le mieux cuisiner et manger?<\/strong><\/p>\n<p>Nous d\u00e9cidons ensemble des menus d\u2019une semaine \u00e0 l\u2019autre selon les souhaits et les suggestions des personnes pr\u00e9sentes. Nous pr\u00e9parons toujours un plat principal et une salade m\u00eal\u00e9e en accompagnement, et il y a toujours quelqu\u2019un pour penser \u00e0 un dessert! Nous nous effor\u00e7ons de r\u00e9aliser des menus savoureux et \u00e9quilibr\u00e9s, avec des ingr\u00e9dients de saison et pas trop chers. Le repas reste ainsi abordable pour tout le monde.<\/p>\n<p><img loading=\"lazy\" decoding=\"async\" class=\"alignnone wp-image-11281 size-large\" src=\"https:\/\/www.tavolata.ch\/wp-content\/uploads\/2023\/01\/claudio-carrozzo-F4ziHdinht0-unsplash-1024x768.jpg\" alt=\"\" width=\"1024\" height=\"768\" srcset=\"https:\/\/www.tavolata.ch\/wp-content\/uploads\/2023\/01\/claudio-carrozzo-F4ziHdinht0-unsplash-1024x768.jpg 1024w, https:\/\/www.tavolata.ch\/wp-content\/uploads\/2023\/01\/claudio-carrozzo-F4ziHdinht0-unsplash-300x225.jpg 300w, https:\/\/www.tavolata.ch\/wp-content\/uploads\/2023\/01\/claudio-carrozzo-F4ziHdinht0-unsplash-768x576.jpg 768w, https:\/\/www.tavolata.ch\/wp-content\/uploads\/2023\/01\/claudio-carrozzo-F4ziHdinht0-unsplash-1536x1152.jpg 1536w, https:\/\/www.tavolata.ch\/wp-content\/uploads\/2023\/01\/claudio-carrozzo-F4ziHdinht0-unsplash-2048x1536.jpg 2048w\" sizes=\"auto, (max-width: 1024px) 100vw, 1024px\" \/><\/p>\n<p>Comme presque toutes les personnes participantes vivent seules, la tabl\u00e9e est aussi une occasion de pr\u00e9parer des menus plus \u00e9labor\u00e9s, comme des lasagnes, une parmigiana, des pizzoccheri, de la polenta et de la viande mijot\u00e9e. Il arrive m\u00eame qu\u2019un petit groupe, qui se tient \u00e0 disposition et valorise au mieux ses ressources, pr\u00e9pare certains plats la veille.<\/p>\n<p><strong>Comment les membres de la tavolata ont-ils fait connaissance?<\/strong><\/p>\n<p>Con Te Sto est un projet soutenu par l\u2019action sociale communale de Pro Senectute Ticino et la fondation Moesano et est situ\u00e9 au rez-de-chauss\u00e9e d\u2019un b\u00e2timent de douze logements. Les personnes qui y participent se connaissent presque toutes depuis longtemps. Elles se retrouvaient d\u00e9j\u00e0 auparavant pour passer du temps ensemble, mais des difficult\u00e9s physiques croissantes ont mis fin \u00e0 cette belle habitude. \u00c0 l\u2019occasion de quelques rencontres autour d\u2019un caf\u00e9 ou d\u2019un jeu de cartes entre novembre 2021 et mai 2022, nous avons d\u00e9cid\u00e9 de rejoindre officiellement l\u2019association Tavolata.<\/p>\n<p><strong>Outre les rencontres culinaires, entreprenez-vous quelque chose ensemble?<\/strong><\/p>\n<p>Comme les rencontres tavolata se d\u00e9roulent dans la ludoth\u00e8que toute proche, nous avons diverses activit\u00e9s: de simples discussions autour d\u2019un caf\u00e9 \u00e0 la d\u00e9coration de la maison lors de festivit\u00e9s telles qu\u2019halloween ou No\u00ebl, beaucoup de choses sont possibles. Nous aimons aussi jouer aux cartes, faire des excursions et des promenades.<\/p>\n<p>&nbsp;<\/p>\n<p><em>Interview: Valentina Pallucca<\/em><\/p>\n","protected":false},"excerpt":{"rendered":"<p>La nouvelle tavolata ConTeSto Di Sementina a \u00e9t\u00e9 fond\u00e9e en mai 2022 dans la ludoth\u00e8que du quartier. Les retrait\u00e9-es de l\u2019immeuble ont imm\u00e9diatement \u00e9t\u00e9 enthousiasm\u00e9-es. La tavolata a rapidement grandi, de plus en plus d\u2019enfants et de petits-enfants l\u2019ayant rejointe. Valentina Pallucca a rendu visite \u00e0 la tavolata interg\u00e9n\u00e9rationnelle. Qui participe \u00e0 la tavolata et [&hellip;]<\/p>\n","protected":false},"author":2,"featured_media":11279,"comment_status":"closed","ping_status":"open","sticky":false,"template":"","format":"standard","meta":{"_acf_changed":false,"footnotes":""},"categories":[236],"tags":[],"class_list":["post-11299","post","type-post","status-publish","format-standard","has-post-thumbnail","hentry","category-news-fr"],"acf":[],"_links":{"self":[{"href":"https:\/\/www.tavolata.ch\/fr\/wp-json\/wp\/v2\/posts\/11299","targetHints":{"allow":["GET"]}}],"collection":[{"href":"https:\/\/www.tavolata.ch\/fr\/wp-json\/wp\/v2\/posts"}],"about":[{"href":"https:\/\/www.tavolata.ch\/fr\/wp-json\/wp\/v2\/types\/post"}],"author":[{"embeddable":true,"href":"https:\/\/www.tavolata.ch\/fr\/wp-json\/wp\/v2\/users\/2"}],"replies":[{"embeddable":true,"href":"https:\/\/www.tavolata.ch\/fr\/wp-json\/wp\/v2\/comments?post=11299"}],"version-history":[{"count":3,"href":"https:\/\/www.tavolata.ch\/fr\/wp-json\/wp\/v2\/posts\/11299\/revisions"}],"predecessor-version":[{"id":11302,"href":"https:\/\/www.tavolata.ch\/fr\/wp-json\/wp\/v2\/posts\/11299\/revisions\/11302"}],"wp:featuredmedia":[{"embeddable":true,"href":"https:\/\/www.tavolata.ch\/fr\/wp-json\/wp\/v2\/media\/11279"}],"wp:attachment":[{"href":"https:\/\/www.tavolata.ch\/fr\/wp-json\/wp\/v2\/media?parent=11299"}],"wp:term":[{"taxonomy":"category","embeddable":true,"href":"https:\/\/www.tavolata.ch\/fr\/wp-json\/wp\/v2\/categories?post=11299"},{"taxonomy":"post_tag","embeddable":true,"href":"https:\/\/www.tavolata.ch\/fr\/wp-json\/wp\/v2\/tags?post=11299"}],"curies":[{"name":"wp","href":"https:\/\/api.w.org\/{rel}","templated":true}]}}