{"id":10700,"date":"2022-11-25T14:12:05","date_gmt":"2022-11-25T13:12:05","guid":{"rendered":"https:\/\/www.tavolata.ch\/?p=10700"},"modified":"2022-12-01T17:22:16","modified_gmt":"2022-12-01T16:22:16","slug":"tavolata-devient-une-association","status":"publish","type":"post","link":"https:\/\/www.tavolata.ch\/fr\/tavolata-devient-une-association\/","title":{"rendered":"Tavolata devient une association"},"content":{"rendered":"<h3>L\u2019association Tavolata a \u00e9t\u00e9 officiellement fond\u00e9e le 23\u00a0novembre 2022. Robert Sempach, fondateur et ancien responsable du projet \u00e0 la Direction Soci\u00e9t\u00e9 et culture de la F\u00e9d\u00e9ration des coop\u00e9ratives Migros, en a \u00e9t\u00e9 \u00e9lu pr\u00e9sident. Daniela Specht assumera la direction de Tavoleta et formera le secr\u00e9tariat avec l\u2019\u00e9quipe de projet existante.<\/h3>\n<figure id=\"attachment_10710\" aria-describedby=\"caption-attachment-10710\" style=\"width: 1024px\" class=\"wp-caption alignnone\"><img loading=\"lazy\" decoding=\"async\" class=\"wp-image-10710 size-large\" src=\"https:\/\/www.tavolata.ch\/wp-content\/uploads\/2022\/11\/IMG_8850-1024x768.jpg\" alt=\"\" width=\"1024\" height=\"768\" srcset=\"https:\/\/www.tavolata.ch\/wp-content\/uploads\/2022\/11\/IMG_8850-1024x768.jpg 1024w, https:\/\/www.tavolata.ch\/wp-content\/uploads\/2022\/11\/IMG_8850-300x225.jpg 300w, https:\/\/www.tavolata.ch\/wp-content\/uploads\/2022\/11\/IMG_8850-768x576.jpg 768w, https:\/\/www.tavolata.ch\/wp-content\/uploads\/2022\/11\/IMG_8850-1536x1152.jpg 1536w, https:\/\/www.tavolata.ch\/wp-content\/uploads\/2022\/11\/IMG_8850-2048x1536.jpg 2048w\" sizes=\"auto, (max-width: 1024px) 100vw, 1024px\" \/><figcaption id=\"caption-attachment-10710\" class=\"wp-caption-text\">Daniela Specht et Robert Sempach<\/figcaption><\/figure>\n<p>Le Pour-cent culturel Migros renforce la coh\u00e9sion sociale et observe en permanence les derni\u00e8res mutations de la soci\u00e9t\u00e9. Il aborde des th\u00e9matiques pour lesquelles des besoins ont \u00e9t\u00e9 identifi\u00e9s. Avec ses projets et ses activit\u00e9s, il donne toujours des impulsions de promotion d\u2019une dur\u00e9e limit\u00e9e.<\/p>\n<p>Ces douze derni\u00e8res ann\u00e9es, le Pour-cent culturel Migros a \u00e9troitement accompagn\u00e9 les phases de constitution et de consolidation du projet Tavolata sur les plans strat\u00e9gique, financier et op\u00e9rationnel. Le projet sera dor\u00e9navant confi\u00e9 \u00e0 une structure ind\u00e9pendante. Cela doit garantir que les tabl\u00e9es auto-organis\u00e9es par et pour des personnes \u00e2g\u00e9es, un enjeu social important, restent g\u00e9r\u00e9es de mani\u00e8re efficace \u00e0 l\u2019avenir.<\/p>\n<p>Afin d\u2019assurer la viabilit\u00e9 \u00e0 long terme du projet, le Pour-cent culturel Migros accompagnera Tavolata au niveau financier et par des conseils ponctuels en 2023 et 2024. Durant cette p\u00e9riode, Tavolata s\u2019organisera en tant qu\u2019association d\u2019utilit\u00e9 publique et trouvera de nouveaux soutiens financiers.<\/p>\n<p>Les personnes de contact de Tavolata ont \u00e9t\u00e9 inform\u00e9es le 3 novembre 2022 lors de la rencontre du Conseil. Rien ne change pour vous: vos personnes de contact restent les m\u00eames. Je me tiens en outre \u00e0 votre disposition pour r\u00e9pondre \u00e0 vos \u00e9ventuelles questions (marine.jordan@tavolata.ch, t\u00e9l. 021 329 01 54).<\/p>\n<p>Nous vous tiendrons inform\u00e9-es de toutes les prochaines \u00e9tapes.<\/p>\n","protected":false},"excerpt":{"rendered":"<p>L\u2019association Tavolata a \u00e9t\u00e9 officiellement fond\u00e9e le 23\u00a0novembre 2022. Robert Sempach, fondateur et ancien responsable du projet \u00e0 la Direction Soci\u00e9t\u00e9 et culture de la F\u00e9d\u00e9ration des coop\u00e9ratives Migros, en a \u00e9t\u00e9 \u00e9lu pr\u00e9sident. Daniela Specht assumera la direction de Tavoleta et formera le secr\u00e9tariat avec l\u2019\u00e9quipe de projet existante. Le Pour-cent culturel Migros renforce [&hellip;]<\/p>\n","protected":false},"author":2,"featured_media":10710,"comment_status":"closed","ping_status":"open","sticky":false,"template":"","format":"standard","meta":{"_acf_changed":false,"footnotes":""},"categories":[55,19],"tags":[],"class_list":["post-10700","post","type-post","status-publish","format-standard","has-post-thumbnail","hentry","category-actualites","category-news"],"acf":[],"_links":{"self":[{"href":"https:\/\/www.tavolata.ch\/fr\/wp-json\/wp\/v2\/posts\/10700","targetHints":{"allow":["GET"]}}],"collection":[{"href":"https:\/\/www.tavolata.ch\/fr\/wp-json\/wp\/v2\/posts"}],"about":[{"href":"https:\/\/www.tavolata.ch\/fr\/wp-json\/wp\/v2\/types\/post"}],"author":[{"embeddable":true,"href":"https:\/\/www.tavolata.ch\/fr\/wp-json\/wp\/v2\/users\/2"}],"replies":[{"embeddable":true,"href":"https:\/\/www.tavolata.ch\/fr\/wp-json\/wp\/v2\/comments?post=10700"}],"version-history":[{"count":4,"href":"https:\/\/www.tavolata.ch\/fr\/wp-json\/wp\/v2\/posts\/10700\/revisions"}],"predecessor-version":[{"id":10778,"href":"https:\/\/www.tavolata.ch\/fr\/wp-json\/wp\/v2\/posts\/10700\/revisions\/10778"}],"wp:featuredmedia":[{"embeddable":true,"href":"https:\/\/www.tavolata.ch\/fr\/wp-json\/wp\/v2\/media\/10710"}],"wp:attachment":[{"href":"https:\/\/www.tavolata.ch\/fr\/wp-json\/wp\/v2\/media?parent=10700"}],"wp:term":[{"taxonomy":"category","embeddable":true,"href":"https:\/\/www.tavolata.ch\/fr\/wp-json\/wp\/v2\/categories?post=10700"},{"taxonomy":"post_tag","embeddable":true,"href":"https:\/\/www.tavolata.ch\/fr\/wp-json\/wp\/v2\/tags?post=10700"}],"curies":[{"name":"wp","href":"https:\/\/api.w.org\/{rel}","templated":true}]}}